{"id":1173,"date":"2016-12-09T19:08:49","date_gmt":"2016-12-09T19:08:49","guid":{"rendered":"http:\/\/www.anita-m.com\/wordpress\/?p=1173"},"modified":"2019-11-03T13:30:35","modified_gmt":"2019-11-03T13:30:35","slug":"bern-exposition","status":"publish","type":"post","link":"https:\/\/www.anita-m.com\/wordpress\/2016\/12\/bern-exposition\/?lang=de","title":{"rendered":"BERN EXPOSITION!"},"content":{"rendered":"<div class=\"page\" title=\"Page 1\">\n<table>\n<colgroup>\n<col \/>\n<col \/> <\/colgroup>\n<tbody>\n<tr>\n<td>\n<div class=\"layoutArea\">\n<div class=\"column\">\n<p>In Wabern b. Bern<\/p>\n<p>An drei Wochenenden<\/p>\n<p>09.-11.12.2016 16.-18.12.2016 20.-22.01.2017<\/p>\n<p>Fr. 16.00-20.00 Sa. 10.00-17.00 So. 11.00-16.00<\/p>\n<\/div>\n<\/div>\n<\/td>\n<td>\n<div class=\"layoutArea\">\n<div class=\"column\">\n<p>Weihnachtsausstellung<\/p>\n<\/div>\n<\/div>\n<div class=\"layoutArea\">\n<div class=\"column\">\n<\/div>\n<\/div>\n<\/td>\n<\/tr>\n<\/tbody>\n<\/table>\n<div class=\"layoutArea\">\n<div class=\"column\">\n<\/div>\n<\/div>\n<\/div>\n<div class=\"page\" title=\"Page 2\">\n<div class=\"section\">\n<div class=\"layoutArea\">\n<div class=\"column\">\n<p><a href=\"http:\/\/www.galerie-hess.ch\">www.galerie-hess.ch<\/a><\/p>\n<p>Bilder Skulpturen B\u00fccher<\/p>\n<\/div>\n<div class=\"column\">\n<p>Zeitgen\u00f6ssische K\u00fcnstler Verkauf von Bildern und Skulpturen<\/p>\n<p><span style=\"text-decoration: underline;\">1.&#8212;Bilder<\/span><\/p>\n<p>Peter Bergmann, <strong><span style=\"color: #ff0000;\"><a style=\"color: #ff0000;\" href=\"http:\/\/www.ANITA-M.com\">ANITA-M.<\/a><\/span><\/strong>, Maria Gabriel, Fredi Gertsch Ilona Griss-Schw\u00e4rzler, Elisabeth Jacob, Heinz Kellner Walter Kl\u00e4y, Marie-France Kr\u00e4henb\u00fchl<br \/>\nOlena Bratiychuck Linse<\/p>\n<p><span style=\"text-decoration: underline;\">2.&#8212;Skulpturen<\/span><\/p>\n<p>Werner Keist, Manfred Martin, Pascal Murer, Marlies Schachtler, Patrick Wyss<\/p>\n<\/div>\n<\/div>\n<div class=\"layoutArea\">\n<div class=\"column\">\n<p>Gurtenareal 12<br \/>\n3084 Wabern b. Bern Tel. 079 812 27 94<\/p>\n<\/div>\n<\/div>\n<\/div>\n<div class=\"section\">\n<div class=\"layoutArea\">\n<div class=\"column\">\n<p>Ausfahrt Belp, S3 Belp<\/p>\n<p><span style=\"color: #0000ff;\">P<\/span> Gurtenbahn EHP<br \/>\nAuto GPS Dorfstrasse 3084 Wabern<\/p>\n<p>Gurtenbahntalstation<\/p>\n<\/div>\n<\/div>\n<div class=\"layoutArea\">\n<div class=\"column\">\n<p>Ausfahrt<br \/>\nB\u00fcmpliz Tram 9 Wabern<\/p>\n<p>Haltestelle Gurtenbahn<\/p>\n<\/div>\n<\/div>\n<div class=\"layoutArea\">\n<div class=\"column\">\n<p>Station Wabern, bls<\/p>\n<p>Gurtenbrauerei, Gurtenareal oberer Hof, 12<\/p>\n<\/div>\n<\/div>\n<\/div>\n<\/div>\n","protected":false},"excerpt":{"rendered":"<p>In Wabern b. Bern An drei Wochenenden 09.-11.12.2016 16.-18.12.2016 20.-22.01.2017 Fr. 16.00-20.00 Sa. 10.00-17.00 So. 11.00-16.00 Weihnachtsausstellung www.galerie-hess.ch Bilder Skulpturen B\u00fccher Zeitgen\u00f6ssische K\u00fcnstler Verkauf von Bildern und Skulpturen 1.&#8212;Bilder Peter Bergmann, ANITA-M., Maria Gabriel, Fredi Gertsch Ilona Griss-Schw\u00e4rzler, Elisabeth Jacob, &hellip; <a href=\"https:\/\/www.anita-m.com\/wordpress\/2016\/12\/bern-exposition\/?lang=de\">Lees verder <span class=\"meta-nav\">&rarr;<\/span><\/a><\/p>\n","protected":false},"author":2,"featured_media":0,"comment_status":"closed","ping_status":"closed","sticky":false,"template":"","format":"standard","meta":{"footnotes":""},"categories":[1],"tags":[],"class_list":["post-1173","post","type-post","status-publish","format-standard","hentry","category-uncategorized"],"_links":{"self":[{"href":"https:\/\/www.anita-m.com\/wordpress\/wp-json\/wp\/v2\/posts\/1173","targetHints":{"allow":["GET"]}}],"collection":[{"href":"https:\/\/www.anita-m.com\/wordpress\/wp-json\/wp\/v2\/posts"}],"about":[{"href":"https:\/\/www.anita-m.com\/wordpress\/wp-json\/wp\/v2\/types\/post"}],"author":[{"embeddable":true,"href":"https:\/\/www.anita-m.com\/wordpress\/wp-json\/wp\/v2\/users\/2"}],"replies":[{"embeddable":true,"href":"https:\/\/www.anita-m.com\/wordpress\/wp-json\/wp\/v2\/comments?post=1173"}],"version-history":[{"count":3,"href":"https:\/\/www.anita-m.com\/wordpress\/wp-json\/wp\/v2\/posts\/1173\/revisions"}],"predecessor-version":[{"id":1725,"href":"https:\/\/www.anita-m.com\/wordpress\/wp-json\/wp\/v2\/posts\/1173\/revisions\/1725"}],"wp:attachment":[{"href":"https:\/\/www.anita-m.com\/wordpress\/wp-json\/wp\/v2\/media?parent=1173"}],"wp:term":[{"taxonomy":"category","embeddable":true,"href":"https:\/\/www.anita-m.com\/wordpress\/wp-json\/wp\/v2\/categories?post=1173"},{"taxonomy":"post_tag","embeddable":true,"href":"https:\/\/www.anita-m.com\/wordpress\/wp-json\/wp\/v2\/tags?post=1173"}],"curies":[{"name":"wp","href":"https:\/\/api.w.org\/{rel}","templated":true}]}}